{"id":61,"date":"2016-10-19T23:28:48","date_gmt":"2016-10-19T21:28:48","guid":{"rendered":"http:\/\/www.erkenntnis-des-tages.de\/es\/?p=61"},"modified":"2016-10-20T15:37:05","modified_gmt":"2016-10-20T13:37:05","slug":"recuerda-que-eres-mortal","status":"publish","type":"post","link":"https:\/\/www.erkenntnis-des-tages.de\/es\/recuerda-que-eres-mortal\/","title":{"rendered":"\u00a1Recuerda que eres mortal!"},"content":{"rendered":"<p>Pocos d\u00edas atr\u00e1s los medios publicaron la entrevista de Donald Trump en que \u00e9l explica c\u00f3mo podr\u00eda importunar a mujeres a causa de su poder y su dinero. Mucha gente y los medios se enojaron con Donald Trump que ser\u00eda una persona muy mala. Claro, no me gustan sus ideas y su vista del mundo en ning\u00fan punto tampoco. No puedo tomarlo en serio. Pero creo que el origen de sus declaraciones en esa entrevista es mucho m\u00e1s profundo: Es una cuesti\u00f3n del alma humana. Yo s\u00e9 que mucha gente dir\u00eda que s\u00ed ellos estuvieran en su posici\u00f3n que nunca dir\u00eda eso, har\u00eda cosas similares o sentir\u00eda como \u00e9l. \u00bfPero es la verdad? Yo quiero responder as\u00ed tambi\u00e9n \u2013 nunca sentir\u00eda as\u00ed o har\u00eda eso. Pero tengo dudas. Dudas porque tengo que pensar en dos experiencias que yo viv\u00ed. Cuando era soldado estuve en una misi\u00f3n en Kosovo para garantizar el alto del fuego entre los serbios y los kosovares ah\u00ed. Como todos los soldados ten\u00eda mi fusil de asalto siempre conmigo por el caso de un ataque a otros o a nosotros. Me sent\u00eda muy poderoso. En teor\u00eda habr\u00eda matado a toda la gente de quien no me hubiera gustado su cara. Era como un dios: habr\u00eda decidido de vida y muerte. Claro que no lo hice. Pero despu\u00e9s de poco tiempo entend\u00ed que tanto poder mi arma ten\u00eda sobre m\u00ed y mis sentimientos. Es muy dif\u00edcil defenderse contra ese poder.<\/p>\n<p>La otra experiencia viv\u00ed cuando anduve la primera vez con una motocicleta solo. En Alemania las motocicletas no tienen ning\u00fan matricula al frente. Por eso y porque la polic\u00eda tiene que probar la culpabilidad de una persona especifica la opci\u00f3n de una multa por un exceso de velocidad es muy peque\u00f1a por motociclistas en Alemania. Eso yo sab\u00eda. Despu\u00e9s de poco tiempo me sent\u00ed como que los l\u00edmites de velocidad val\u00edan para mi. Manejo muy cuidadosamente y creo que normalmente los l\u00edmites de velocidad tienen su sentido. Pero ca\u00ed en la tentaci\u00f3n porqu\u00e9 me sent\u00ed como si estuviera sobre la ley.<\/p>\n<p>Si estuviera en un puesto como Donald Trump, tuviera tanto poder, tuviera tanto dinero con que pudiera comprar casi todo en el mundo, rodeado solo de pelotilleros, tuviera abogados que me defendieran contra todo sin que lo notara, creo que, me sentir\u00eda tambi\u00e9n como si no valiera la ley para m\u00ed. No quiero disculpar al Se\u00f1or Trump, pero puedo entender su sentimiento. Poder y dinero corrompen a nosotros. Hombres y mujeres.<\/p>\n<p>Los romanos antiguos ya ten\u00edan un concepto para limitar el efecto un poquito: en la marcha triunfal el victorioso estratega ten\u00eda un esclavo en su victoria. Cuando miles de romanos se vitorearon el esclavo repet\u00eda diciendo una frase a la oreja del estratega: \u201c\u00a1Recuerda que eres mortal!\u201d<\/p>\n<p>Hoy creemos que no necesitamos eso m\u00e1s. El caso de Donald Trump nos muestra: \u00a1Si, todav\u00eda lo necesitamos! Poder y dinero nos corrompen todav\u00eda. No somos mejores.<\/p>\n","protected":false},"excerpt":{"rendered":"<p>Pocos d\u00edas atr\u00e1s los medios publicaron la entrevista de Donald Trump en que \u00e9l explica c\u00f3mo podr\u00eda importunar a mujeres a causa de su poder y su dinero. Mucha gente y los medios se enojaron con Donald Trump que ser\u00eda una persona muy mala. Claro, no me gustan sus ideas y su vista del mundo&#8230;<\/p>\n","protected":false},"author":1,"featured_media":62,"comment_status":"open","ping_status":"open","sticky":false,"template":"","format":"standard","meta":{"footnotes":""},"categories":[1],"tags":[30,31,26,29],"class_list":["post-61","post","type-post","status-publish","format-standard","has-post-thumbnail","hentry","category-viajes","tag-donald-trump","tag-poder","tag-politicos","tag-romanos"],"_links":{"self":[{"href":"https:\/\/www.erkenntnis-des-tages.de\/es\/wp-json\/wp\/v2\/posts\/61","targetHints":{"allow":["GET"]}}],"collection":[{"href":"https:\/\/www.erkenntnis-des-tages.de\/es\/wp-json\/wp\/v2\/posts"}],"about":[{"href":"https:\/\/www.erkenntnis-des-tages.de\/es\/wp-json\/wp\/v2\/types\/post"}],"author":[{"embeddable":true,"href":"https:\/\/www.erkenntnis-des-tages.de\/es\/wp-json\/wp\/v2\/users\/1"}],"replies":[{"embeddable":true,"href":"https:\/\/www.erkenntnis-des-tages.de\/es\/wp-json\/wp\/v2\/comments?post=61"}],"version-history":[{"count":4,"href":"https:\/\/www.erkenntnis-des-tages.de\/es\/wp-json\/wp\/v2\/posts\/61\/revisions"}],"predecessor-version":[{"id":67,"href":"https:\/\/www.erkenntnis-des-tages.de\/es\/wp-json\/wp\/v2\/posts\/61\/revisions\/67"}],"wp:featuredmedia":[{"embeddable":true,"href":"https:\/\/www.erkenntnis-des-tages.de\/es\/wp-json\/wp\/v2\/media\/62"}],"wp:attachment":[{"href":"https:\/\/www.erkenntnis-des-tages.de\/es\/wp-json\/wp\/v2\/media?parent=61"}],"wp:term":[{"taxonomy":"category","embeddable":true,"href":"https:\/\/www.erkenntnis-des-tages.de\/es\/wp-json\/wp\/v2\/categories?post=61"},{"taxonomy":"post_tag","embeddable":true,"href":"https:\/\/www.erkenntnis-des-tages.de\/es\/wp-json\/wp\/v2\/tags?post=61"}],"curies":[{"name":"wp","href":"https:\/\/api.w.org\/{rel}","templated":true}]}}